{"id":3345,"date":"2021-03-23T13:32:05","date_gmt":"2021-03-23T13:32:05","guid":{"rendered":"https:\/\/diraj.org\/?p=3345"},"modified":"2021-03-23T13:34:19","modified_gmt":"2021-03-23T13:34:19","slug":"agriculture-et-covid-19","status":"publish","type":"post","link":"https:\/\/diraj.org\/fr\/stories\/agriculture-et-covid-19\/","title":{"rendered":"Comment le monde agricole burkinab\u00e8 se tourne vers l\u2019agro\u00e9cologie apr\u00e8s le Covid-19"},"content":{"rendered":"\n<div style=\"height:30px\" aria-hidden=\"true\" class=\"wp-block-spacer\"><\/div>\n\n\n\n<div class=\"wp-block-image\"><figure class=\"aligncenter size-large is-resized\"><img loading=\"lazy\" decoding=\"async\" src=\"https:\/\/diraj.org\/wp-content\/uploads\/French-1.jpg\" alt=\"\" class=\"wp-image-3346\" width=\"697\" height=\"522\" srcset=\"https:\/\/diraj.org\/wp-content\/uploads\/French-1.jpg 640w, https:\/\/diraj.org\/wp-content\/uploads\/French-1-300x225.jpg 300w, https:\/\/diraj.org\/wp-content\/uploads\/French-1-150x113.jpg 150w\" sizes=\"auto, (max-width: 697px) 100vw, 697px\" \/><figcaption><strong>Photo prise par Amos Jo\u00ebl Yohane\u00a0 Traore<\/strong><\/figcaption><\/figure><\/div>\n\n\n\n<div style=\"height:30px\" aria-hidden=\"true\" class=\"wp-block-spacer\"><\/div>\n\n\n\n<p>Bien avant la crise du coronavirus, les pays du Sahel faisaient d\u00e9j\u00e0 face \u00e0 de nombreux d\u00e9fis sur le plan alimentaire, notamment \u00e0 cause de la s\u00e9cheresse et de la situation s\u00e9curitaire. Depuis quelques ann\u00e9es, une partie de la population, contrainte de se d\u00e9placer, a abandonn\u00e9 les terres agricoles, ce qui a provoqu\u00e9 une perte significative des rendements. Ajoutez \u00e0 cela la pluviom\u00e9trie capricieuse et la d\u00e9gradation des sols, le Faso se retrouve d\u00e9sormais avec une production agricole insuffisante.&nbsp;<\/p>\n\n\n\n<p>Aujourd\u2019hui, la pand\u00e9mie de coronavirus met en \u00e9vidence la vuln\u00e9rabilit\u00e9 des syst\u00e8mes de production et de distribution des denr\u00e9es alimentaires dans les pays du Sahel. Au d\u00e9but de l\u2019\u00e9pid\u00e9mie, le gouvernement du Burkina a mis en place diff\u00e9rentes mesures pour barrer la route au Covid-19, telles que la fermeture des fronti\u00e8res et des march\u00e9s. Ces mesures ont eu des cons\u00e9quences consid\u00e9rables sur le monde agricole, les agriculteurs ont connu une baisse notoire de leur activit\u00e9. On constate donc aujourd\u2019hui que la politique agricole du pays n\u2019est pas suffisamment solide pour affronter les effets d\u2019une telle crise sanitaire. Si le pays des hommes int\u00e8gres veut assurer sa souverainet\u00e9 alimentaire, il n\u2019a pas d\u2019autre choix que de se r\u00e9inventer.<\/p>\n\n\n\n<div style=\"height:30px\" aria-hidden=\"true\" class=\"wp-block-spacer\"><\/div>\n\n\n\n<h2 class=\"nm-block-heading wp-block-heading\">Un syst\u00e8me de production qui a atteint ses limites<\/h2>\n\n\n\n<p>Le Burkina Faso est un pays enclav\u00e9 qui d\u00e9pend fortement des importations pour s\u2019approvisionner en riz, farine, lait et huile. Ces produits viennent des pays c\u00f4tiers voisins. Et comme le Burkina a d\u00e9velopp\u00e9 ce syst\u00e8me d\u2019importations de produits de base, il a d\u00e9laiss\u00e9 la production locale. L\u2019arriv\u00e9e du Covid-19 a alors mis en \u00e9vidence la fragilit\u00e9 du mod\u00e8le agricole conventionnel du pays qui a clairement atteint ses limites avec la crise sanitaire.<\/p>\n\n\n\n<p>En raison des mesures li\u00e9es \u00e0 la lutte contre la propagation du coronavirus \u2013 la fermeture des fronti\u00e8res, la mise en place du couvre-feu et de la quarantaine \u2013 les produits agricoles issus de la culture de rente (sorgho, mil, ma\u00efs, riz et coton) ne peuvent plus sortir du pays. Cons\u00e9quence : ces denr\u00e9es pourrissent faute de d\u2019infrastructures de stockage. Les agriculteurs ne peuvent plus \u00e9couler leur marchandise. Ils voient leurs activit\u00e9s chuter de fa\u00e7on drastique et leur capacit\u00e9 financi\u00e8re est fortement r\u00e9duite.<\/p>\n\n\n\n<p>Le probl\u00e8me c\u2019est que si un maillon de la cha\u00eene est d\u00e9faillant, cela devient compliqu\u00e9 pour l\u2019ensemble du syst\u00e8me. Il n\u2019y a pas que la distribution r\u00e9gionale qui est touch\u00e9e, l\u2019approvisionnement local est lui aussi tr\u00e8s perturb\u00e9.<\/p>\n\n\n\n<p>En effet, depuis plusieurs mois, ravitailler les zones internes du pays devient difficile. Le ravitaillement, la distribution, c\u2019est vraiment l\u2019une des grandes failles de notre organisation, et on s\u2019en rend compte avec cette crise qui nous a tous pris de court. Rien ne pr\u00e9sageait qu\u2019un virus, nomm\u00e9 Covid-19, allait s\u2019abattre sur le Burkina Faso! Jusqu\u2019ici, jamais notre syst\u00e8me agricole n\u2019avait \u00e9t\u00e9 remis en question, mais aujourd\u2019hui, c\u2019est certain, il faut le mettre en question.<\/p>\n\n\n\n<p>M\u00eame si certains produits agricoles arrivent \u00e0 \u00eatre achemin\u00e9s, il y a quand m\u00eame un probl\u00e8me de p\u00e9nurie. En fait, la politique agricole du Burkina Faso se base sur l\u2019exportation des cultures de rente, en l\u2019occurrence le coton. Le probl\u00e8me c\u2019est que la production de l\u00e9gumineuses et de fruits a \u00e9t\u00e9 plus ou moins n\u00e9glig\u00e9e, en tout cas, elle n\u2019a pas b\u00e9n\u00e9fici\u00e9 du m\u00eame accompagnement. Par cons\u00e9quent, lorsqu\u2019il y a une crise, comme celle que nous vivons avec le Covid-19, la production disponible dans le pays est insuffisante. Eh bien, le coronavirus a mis ces failles en \u00e9vidence, il est venu pulv\u00e9riser tout le syst\u00e8me!\u00a0<\/p>\n\n\n\n<div style=\"height:30px\" aria-hidden=\"true\" class=\"wp-block-spacer\"><\/div>\n\n\n\n<h2 class=\"nm-block-heading wp-block-heading\">L\u2019agriculture durable en phase avec les enjeux du moment\u00a0<\/h2>\n\n\n\n<p>Heureusement, certains paysans ont tout mis\u00e9 sur un autre mod\u00e8le d\u2019agriculture : l\u2019agro\u00e9cologie. Le mod\u00e8le agro-\u00e9cologique consiste en une agriculture responsable en phase avec la biodiversit\u00e9, pour une production saine et de qualit\u00e9. L\u2019une des sp\u00e9cificit\u00e9s de ce syst\u00e8me agricole consiste \u00e0 mettre en culture des plantes \u00ab amies \u00bb ensemble pour qu\u2019elles se prot\u00e8gent mutuellement des ravageurs. L\u2019exploitant n\u2019a donc pas besoin d\u2019utiliser de pesticides. Ce syst\u00e8me de production agricole permet plus d\u2019autonomie et moins d\u2019importations. Et on voit la diff\u00e9rence depuis le d\u00e9but de la crise sanitaire ! Faute d\u2019avoir des l\u00e9gumes et fruits frais en quantit\u00e9 suffisante, les populations locales, notamment dans les grandes villes, ont pris d\u2019assaut les fermes agro\u00e9cologiques. La famille Belemgnegre peut en t\u00e9moigner. Leur ferme agro\u00e9cologique est install\u00e9e dans un village situ\u00e9 \u00e0 la p\u00e9riph\u00e9rie de Ouagadougou. Souleymane Belemgnegre a fond\u00e9 l\u2019association B\u00e9o-neere ( \u201cavenir meilleur\u201d en moor\u00e9) en 2013 pour promouvoir l\u2019agro\u00e9cologie et former les paysans. Depuis presque dix ans, la famille mise sur le bio et le circuit court.<\/p>\n\n\n\n<div class=\"wp-block-image\"><figure class=\"aligncenter size-large is-resized\"><img loading=\"lazy\" decoding=\"async\" src=\"https:\/\/diraj.org\/wp-content\/uploads\/French-3.jpg\" alt=\"\" class=\"wp-image-3348\" width=\"696\" height=\"521\" srcset=\"https:\/\/diraj.org\/wp-content\/uploads\/French-3.jpg 640w, https:\/\/diraj.org\/wp-content\/uploads\/French-3-300x225.jpg 300w, https:\/\/diraj.org\/wp-content\/uploads\/French-3-150x113.jpg 150w\" sizes=\"auto, (max-width: 696px) 100vw, 696px\" \/><figcaption><strong>Photo prise par Amos Jo\u00ebl Yohane\u00a0 Traore\u00a0<\/strong><\/figcaption><\/figure><\/div>\n\n\n\n<div style=\"height:30px\" aria-hidden=\"true\" class=\"wp-block-spacer\"><\/div>\n\n\n\n<h2 class=\"nm-block-heading wp-block-heading\">Au Burkina Faso, une ferme agro\u00e9cologique veut r\u00e9inventer \u00ab le monde d\u2019apr\u00e8s \u00bb<\/h2>\n\n\n\n<p>Razack Belemgnegre, le fils de Souleymane, est d\u00e9j\u00e0 dans les starting-blocks pour prendre la rel\u00e8ve. Dans un reportage accord\u00e9 au journal Le Monde, le jeune Razack, \u00e2g\u00e9 d\u2019une trentaine d\u2019ann\u00e9es, affirme qu\u2019avec le Covid-19, la production de l\u2019exploitation agricole a connu une importante hausse. Les clients se bousculent pour se procurer les produits de la ferme B\u00e9o-neere. \u00ab On n\u2019arr\u00eate pas depuis le d\u00e9but de l\u2019\u00e9pid\u00e9mie, on a m\u00eame d\u00fb augmenter notre capacit\u00e9 de production \u00bb. Razack Belemgnegre soutient qu\u2019avec le mod\u00e8le de l\u2019agro\u00e9cologie, les engrais chimiques sont inutiles. Les paysans cultivent leurs propres semences et fabriquent leur engrais \u00e0 partir du fumier et du compost. Les produits issus de ce mod\u00e8le agricole sont vendus en circuit court directement de la ferme au domicile des clients ou sur des march\u00e9s, et quasiment au m\u00eame prix que ceux du commerce.&nbsp;<\/p>\n\n\n\n<p>\u00ab Avec la mise en quarantaine des villes, l\u2019acheminement jusqu\u2019\u00e0 Ouagadougou est plus compliqu\u00e9. D\u00e9sormais on privil\u00e9gie la vente microlocale. \u00bb<\/p>\n\n\n\n<p>Les deux agriculteurs sont unanimes sur le fait que le Burkina Faso doit tirer toutes les le\u00e7ons de la pand\u00e9mie du coronavirus et op\u00e9rer rapidement un changement de politique agricole pour basculer vers l\u2019agro\u00e9cologie. Razack Belemgnegre s\u2019est donn\u00e9 pour mission d\u2019implanter les bonnes pratiques agro\u00e9cologiques dans quelque 70 villages, afin de sensibiliser de nombreux paysans.<\/p>\n\n\n\n<p>\u00ab Le coronavirus doit nous servir de le\u00e7on. On a trop forc\u00e9 la nature, on subit d\u00e9j\u00e0 les effets du changement climatique. Il faut repenser local, nous ne pouvons plus d\u00e9pendre de l\u2019ext\u00e9rieur pour nous nourrir. \u00bb<\/p>\n\n\n\n<p>Razack Belemgnegre<\/p>\n\n\n\n<div style=\"height:30px\" aria-hidden=\"true\" class=\"wp-block-spacer\"><\/div>\n\n\n\n<h2 class=\"nm-block-heading wp-block-heading\"><strong>Selon l\u2019ONU, en Afrique de l\u2019Ouest, le nombre de personnes touch\u00e9es par la faim pourrait passer de 17 \u00e0 50 millions entre juin et ao\u00fbt 2020<\/strong><\/h2>\n\n\n\n<p>A Bobo-Dioulasso o\u00f9 je vis, les producteurs agricoles ont \u00e9galement pris conscience de l\u2019enjeu. De nombreux exploitants, apr\u00e8s avoir \u00e9t\u00e9 sonn\u00e9s par l\u2019arriv\u00e9e brutale du coronavirus, ont d\u00e9cid\u00e9 de changer de mod\u00e8le agricole. C\u2019est le cas par exemple du groupement des producteurs mixtes du secteur 25 de la ville de Bobo-Dioulasso. Dans un espace soigneusement am\u00e9nag\u00e9, qui s\u2019\u00e9tend sur plusieurs centaines de m\u00b2, des hommes et des femmes s\u2019affairent \u00e0 cultiver diff\u00e9rentes esp\u00e8ces de plantes. On peut y trouver des familles d\u2019arbres fruitiers (citronniers, orangers, manguiers) qui cohabitent avec des arbres fruitiers sauvages (n\u00e9r\u00e9, karit\u00e9, coco sauvage, p\u00e9koun).<\/p>\n\n\n\n<p>Dans cette exploitation, on pratique la permaculture, une technique qui favorise \u00e0 respecter l\u2019\u00e9quilibre de la nature. Les pieds de choux poussent aux c\u00f4t\u00e9s de plantes de manioc, la salade est prot\u00e9g\u00e9e par l\u2019ombre des citronniers\u2026 Ainsi, plusieurs types de plantes sont cultiv\u00e9s ensemble de fa\u00e7on harmonieuse, afin que chacune profite \u00e0 l\u2019autre. Le r\u00e9sultat est une exploitation \u00e0 production rentable mais qui n\u2019utilise pas d\u2019engrais chimiques. La m\u00e9thode du compostage est la pratique de fertilisation la plus utilis\u00e9e. Sur le site de Nasso, localit\u00e9 situ\u00e9e \u00e0 15 km de Bobo-Dioulasso, des terres sont valoris\u00e9es pour la pratique de l\u2019agro\u00e9cologie.<\/p>\n\n\n\n<div style=\"height:30px\" aria-hidden=\"true\" class=\"wp-block-spacer\"><\/div>\n\n\n\n<div class=\"wp-block-image\"><figure class=\"aligncenter size-large\"><img loading=\"lazy\" decoding=\"async\" width=\"640\" height=\"480\" src=\"https:\/\/diraj.org\/wp-content\/uploads\/French-4.jpg\" alt=\"\" class=\"wp-image-3350\" srcset=\"https:\/\/diraj.org\/wp-content\/uploads\/French-4.jpg 640w, https:\/\/diraj.org\/wp-content\/uploads\/French-4-300x225.jpg 300w, https:\/\/diraj.org\/wp-content\/uploads\/French-4-150x113.jpg 150w\" sizes=\"auto, (max-width: 640px) 100vw, 640px\" \/><figcaption><strong>Photo prise par Amos Joel Yohane\u00a0 Traore<\/strong><\/figcaption><\/figure><\/div>\n\n\n\n<div style=\"height:30px\" aria-hidden=\"true\" class=\"wp-block-spacer\"><\/div>\n\n\n\n<p>Ces terres ont notamment permis de ravitailler la zone de Bobo-Dioulasso durant la p\u00e9riode de quarantaine. Les exploitants de ce domaine agro \u00e9cologique sont fiers de pouvoir ravitailler une grande ville comme Bobo-Dioulasso en cette p\u00e9riode de crise sanitaire, o\u00f9 la demande en fruits et l\u00e9gumes a explos\u00e9. D\u2019un point de vue global, la crise du coronavirus a eu un impact significatif sur le monde agricole burkinab\u00e8. Les agriculteurs ont pris conscience de la n\u00e9cessit\u00e9 de basculer vers un nouveau mod\u00e8le plus r\u00e9silient, qui peut leur permettre de faire face \u00e0 de nombreux d\u00e9fis. L\u2019agro\u00e9cologie est d\u00e9sormais per\u00e7ue comme une solution.<\/p>\n\n\n\n<p>Rappelons que le Burkina Faso aurait pu devenir une r\u00e9f\u00e9rence de l\u2019agro\u00e9cologie dans les ann\u00e9es 80, si l&rsquo;\u0153uvre du d\u00e9funt pr\u00e9sident, Thomas Sankara, avait \u00e9t\u00e9 poursuivie. A cette \u00e9poque, Thomas Sankara avait d\u00e9cel\u00e9 le potentiel de l\u2019agro\u00e9cologie pour rendre son pays autosuffisant sur le plan alimentaire. Il \u00e9tait tr\u00e8s en avance sur son temps. C\u2019est ainsi qu\u2019il avait fait appel \u00e0 Pierre Rabhi, un fran\u00e7ais d\u2019origine alg\u00e9rienne, \u00e9minent sp\u00e9cialiste de la culture biologique, aujourd\u2019hui internationalement connu. Son projet \u00e9tait de r\u00e9former la politique agricole du Burkina Faso qui pr\u00e9sentait de nombreuses failles. Les deux hommes avaient de grandes ambitions pour le Burkina, mais, malheureusement, Thomas Sankara a \u00e9t\u00e9 assassin\u00e9 le 15 octobre 1987 \u00e0 Ouagadougou, et le projet agro-\u00e9cologique est parti avec lui. Pierre Rabhi, quant \u00e0 lui, n\u2019a plus jamais \u00e9t\u00e9 approch\u00e9 par l\u2019Etat burkinab\u00e8 et il est all\u00e9 faire b\u00e9n\u00e9ficier son expertise dans d\u2019autres pays. Quarante ans apr\u00e8s, il aura fallu qu\u2019un virus nous tombe dessus pour que le Burkina Faso renoue avec cette id\u00e9e et s\u2019ouvre s\u00e9rieusement \u00e0 l\u2019agro\u00e9cologie!<\/p>\n","protected":false},"excerpt":{"rendered":"<p>Bien avant la crise du coronavirus, les pays du Sahel faisaient d\u00e9j\u00e0 face \u00e0 de nombreux d\u00e9fis sur le plan alimentaire, notamment \u00e0 cause de la s\u00e9cheresse et de la situation s\u00e9curitaire. Depuis quelques ann\u00e9es, une partie de la population, contrainte de se d\u00e9placer, a abandonn\u00e9 les terres agricoles, ce qui a provoqu\u00e9 une perte &hellip;<\/p>\n","protected":false},"author":3,"featured_media":3352,"comment_status":"closed","ping_status":"closed","sticky":false,"template":"","format":"standard","meta":{"_acf_changed":false,"footnotes":""},"categories":[353,311],"tags":[],"class_list":["post-3345","post","type-post","status-publish","format-standard","has-post-thumbnail","hentry","category-agriculture-fr","category-covid-19-fr","region-afrique","country-burkina-faso-fr","storytype-reportage-fr"],"acf":[],"yoast_head":"<!-- This site is optimized with the Yoast SEO plugin v27.4 - https:\/\/yoast.com\/product\/yoast-seo-wordpress\/ -->\n<title>Comment le monde agricole burkinab\u00e8 se tourne vers l\u2019agro\u00e9cologie apr\u00e8s le Covid-19 - DIRAJ<\/title>\n<meta name=\"description\" content=\"DIRAJ\" \/>\n<meta name=\"robots\" content=\"index, follow, max-snippet:-1, max-image-preview:large, max-video-preview:-1\" \/>\n<link rel=\"canonical\" href=\"https:\/\/diraj.org\/fr\/stories\/agriculture-et-covid-19\/\" \/>\n<meta property=\"og:locale\" content=\"fr_FR\" \/>\n<meta property=\"og:type\" content=\"article\" \/>\n<meta property=\"og:title\" content=\"Comment le monde agricole burkinab\u00e8 se tourne vers l\u2019agro\u00e9cologie apr\u00e8s le Covid-19 - DIRAJ\" \/>\n<meta property=\"og:description\" content=\"DIRAJ\" \/>\n<meta property=\"og:url\" content=\"https:\/\/diraj.org\/fr\/stories\/agriculture-et-covid-19\/\" \/>\n<meta property=\"og:site_name\" content=\"DIRAJ\" \/>\n<meta property=\"article:published_time\" content=\"2021-03-23T13:32:05+00:00\" \/>\n<meta property=\"article:modified_time\" content=\"2021-03-23T13:34:19+00:00\" \/>\n<meta property=\"og:image\" content=\"https:\/\/diraj.org\/wp-content\/uploads\/French-WEB.jpg\" \/>\n\t<meta property=\"og:image:width\" content=\"1200\" \/>\n\t<meta property=\"og:image:height\" content=\"800\" \/>\n\t<meta property=\"og:image:type\" content=\"image\/jpeg\" \/>\n<meta name=\"author\" content=\"Duncan\" \/>\n<meta name=\"twitter:card\" content=\"summary_large_image\" \/>\n<meta name=\"twitter:creator\" content=\"@dirajafrica\" \/>\n<meta name=\"twitter:site\" content=\"@dirajafrica\" \/>\n<meta name=\"twitter:label1\" content=\"\u00c9crit par\" \/>\n\t<meta name=\"twitter:data1\" content=\"Duncan\" \/>\n\t<meta name=\"twitter:label2\" content=\"Dur\u00e9e de lecture estim\u00e9e\" \/>\n\t<meta name=\"twitter:data2\" content=\"8 minutes\" \/>\n<script type=\"application\/ld+json\" class=\"yoast-schema-graph\">{\"@context\":\"https:\\\/\\\/schema.org\",\"@graph\":[{\"@type\":\"Article\",\"@id\":\"https:\\\/\\\/diraj.org\\\/fr\\\/stories\\\/agriculture-et-covid-19\\\/#article\",\"isPartOf\":{\"@id\":\"https:\\\/\\\/diraj.org\\\/fr\\\/stories\\\/agriculture-et-covid-19\\\/\"},\"author\":{\"name\":\"Duncan\",\"@id\":\"https:\\\/\\\/diraj.org\\\/fr\\\/#\\\/schema\\\/person\\\/e76f67f2759b2adcb6a5902393211371\"},\"headline\":\"Comment le monde agricole burkinab\u00e8 se tourne vers l\u2019agro\u00e9cologie apr\u00e8s le Covid-19\",\"datePublished\":\"2021-03-23T13:32:05+00:00\",\"dateModified\":\"2021-03-23T13:34:19+00:00\",\"mainEntityOfPage\":{\"@id\":\"https:\\\/\\\/diraj.org\\\/fr\\\/stories\\\/agriculture-et-covid-19\\\/\"},\"wordCount\":1763,\"publisher\":{\"@id\":\"https:\\\/\\\/diraj.org\\\/fr\\\/#organization\"},\"image\":{\"@id\":\"https:\\\/\\\/diraj.org\\\/fr\\\/stories\\\/agriculture-et-covid-19\\\/#primaryimage\"},\"thumbnailUrl\":\"https:\\\/\\\/diraj.org\\\/wp-content\\\/uploads\\\/French-WEB.jpg\",\"articleSection\":[\"Agriculture\",\"Covid-19\"],\"inLanguage\":\"fr-FR\"},{\"@type\":\"WebPage\",\"@id\":\"https:\\\/\\\/diraj.org\\\/fr\\\/stories\\\/agriculture-et-covid-19\\\/\",\"url\":\"https:\\\/\\\/diraj.org\\\/fr\\\/stories\\\/agriculture-et-covid-19\\\/\",\"name\":\"Comment le monde agricole burkinab\u00e8 se tourne vers l\u2019agro\u00e9cologie apr\u00e8s le Covid-19 - DIRAJ\",\"isPartOf\":{\"@id\":\"https:\\\/\\\/diraj.org\\\/fr\\\/#website\"},\"primaryImageOfPage\":{\"@id\":\"https:\\\/\\\/diraj.org\\\/fr\\\/stories\\\/agriculture-et-covid-19\\\/#primaryimage\"},\"image\":{\"@id\":\"https:\\\/\\\/diraj.org\\\/fr\\\/stories\\\/agriculture-et-covid-19\\\/#primaryimage\"},\"thumbnailUrl\":\"https:\\\/\\\/diraj.org\\\/wp-content\\\/uploads\\\/French-WEB.jpg\",\"datePublished\":\"2021-03-23T13:32:05+00:00\",\"dateModified\":\"2021-03-23T13:34:19+00:00\",\"description\":\"DIRAJ\",\"breadcrumb\":{\"@id\":\"https:\\\/\\\/diraj.org\\\/fr\\\/stories\\\/agriculture-et-covid-19\\\/#breadcrumb\"},\"inLanguage\":\"fr-FR\",\"potentialAction\":[{\"@type\":\"ReadAction\",\"target\":[\"https:\\\/\\\/diraj.org\\\/fr\\\/stories\\\/agriculture-et-covid-19\\\/\"]}]},{\"@type\":\"ImageObject\",\"inLanguage\":\"fr-FR\",\"@id\":\"https:\\\/\\\/diraj.org\\\/fr\\\/stories\\\/agriculture-et-covid-19\\\/#primaryimage\",\"url\":\"https:\\\/\\\/diraj.org\\\/wp-content\\\/uploads\\\/French-WEB.jpg\",\"contentUrl\":\"https:\\\/\\\/diraj.org\\\/wp-content\\\/uploads\\\/French-WEB.jpg\",\"width\":1200,\"height\":800},{\"@type\":\"BreadcrumbList\",\"@id\":\"https:\\\/\\\/diraj.org\\\/fr\\\/stories\\\/agriculture-et-covid-19\\\/#breadcrumb\",\"itemListElement\":[{\"@type\":\"ListItem\",\"position\":1,\"name\":\"Home\",\"item\":\"https:\\\/\\\/diraj.org\\\/fr\\\/\"},{\"@type\":\"ListItem\",\"position\":2,\"name\":\"Comment le monde agricole burkinab\u00e8 se tourne vers l\u2019agro\u00e9cologie apr\u00e8s le Covid-19\"}]},{\"@type\":\"WebSite\",\"@id\":\"https:\\\/\\\/diraj.org\\\/fr\\\/#website\",\"url\":\"https:\\\/\\\/diraj.org\\\/fr\\\/\",\"name\":\"DIRAJ\",\"description\":\"R\u00e9seau de journalistes pour la r\u00e9duction des risques de catastrophes\",\"publisher\":{\"@id\":\"https:\\\/\\\/diraj.org\\\/fr\\\/#organization\"},\"potentialAction\":[{\"@type\":\"SearchAction\",\"target\":{\"@type\":\"EntryPoint\",\"urlTemplate\":\"https:\\\/\\\/diraj.org\\\/fr\\\/?s={search_term_string}\"},\"query-input\":{\"@type\":\"PropertyValueSpecification\",\"valueRequired\":true,\"valueName\":\"search_term_string\"}}],\"inLanguage\":\"fr-FR\"},{\"@type\":\"Organization\",\"@id\":\"https:\\\/\\\/diraj.org\\\/fr\\\/#organization\",\"name\":\"DIRAJ\",\"url\":\"https:\\\/\\\/diraj.org\\\/fr\\\/\",\"logo\":{\"@type\":\"ImageObject\",\"inLanguage\":\"fr-FR\",\"@id\":\"https:\\\/\\\/diraj.org\\\/fr\\\/#\\\/schema\\\/logo\\\/image\\\/\",\"url\":\"https:\\\/\\\/diraj.org\\\/wp-content\\\/uploads\\\/twitter-profile.png\",\"contentUrl\":\"https:\\\/\\\/diraj.org\\\/wp-content\\\/uploads\\\/twitter-profile.png\",\"width\":400,\"height\":400,\"caption\":\"DIRAJ\"},\"image\":{\"@id\":\"https:\\\/\\\/diraj.org\\\/fr\\\/#\\\/schema\\\/logo\\\/image\\\/\"},\"sameAs\":[\"https:\\\/\\\/x.com\\\/dirajafrica\"]},{\"@type\":\"Person\",\"@id\":\"https:\\\/\\\/diraj.org\\\/fr\\\/#\\\/schema\\\/person\\\/e76f67f2759b2adcb6a5902393211371\",\"name\":\"Duncan\",\"image\":{\"@type\":\"ImageObject\",\"inLanguage\":\"fr-FR\",\"@id\":\"https:\\\/\\\/secure.gravatar.com\\\/avatar\\\/13cf10c2e2bea8f88eb146cc67cfaaa4312179eebee5a274379f0062327b3e51?s=96&d=mm&r=g\",\"url\":\"https:\\\/\\\/secure.gravatar.com\\\/avatar\\\/13cf10c2e2bea8f88eb146cc67cfaaa4312179eebee5a274379f0062327b3e51?s=96&d=mm&r=g\",\"contentUrl\":\"https:\\\/\\\/secure.gravatar.com\\\/avatar\\\/13cf10c2e2bea8f88eb146cc67cfaaa4312179eebee5a274379f0062327b3e51?s=96&d=mm&r=g\",\"caption\":\"Duncan\"},\"url\":\"https:\\\/\\\/diraj.org\\\/fr\\\/stories\\\/author\\\/duncan\\\/\"}]}<\/script>\n<!-- \/ Yoast SEO plugin. -->","yoast_head_json":{"title":"Comment le monde agricole burkinab\u00e8 se tourne vers l\u2019agro\u00e9cologie apr\u00e8s le Covid-19 - DIRAJ","description":"DIRAJ","robots":{"index":"index","follow":"follow","max-snippet":"max-snippet:-1","max-image-preview":"max-image-preview:large","max-video-preview":"max-video-preview:-1"},"canonical":"https:\/\/diraj.org\/fr\/stories\/agriculture-et-covid-19\/","og_locale":"fr_FR","og_type":"article","og_title":"Comment le monde agricole burkinab\u00e8 se tourne vers l\u2019agro\u00e9cologie apr\u00e8s le Covid-19 - DIRAJ","og_description":"DIRAJ","og_url":"https:\/\/diraj.org\/fr\/stories\/agriculture-et-covid-19\/","og_site_name":"DIRAJ","article_published_time":"2021-03-23T13:32:05+00:00","article_modified_time":"2021-03-23T13:34:19+00:00","og_image":[{"width":1200,"height":800,"url":"https:\/\/diraj.org\/wp-content\/uploads\/French-WEB.jpg","type":"image\/jpeg"}],"author":"Duncan","twitter_card":"summary_large_image","twitter_creator":"@dirajafrica","twitter_site":"@dirajafrica","twitter_misc":{"\u00c9crit par":"Duncan","Dur\u00e9e de lecture estim\u00e9e":"8 minutes"},"schema":{"@context":"https:\/\/schema.org","@graph":[{"@type":"Article","@id":"https:\/\/diraj.org\/fr\/stories\/agriculture-et-covid-19\/#article","isPartOf":{"@id":"https:\/\/diraj.org\/fr\/stories\/agriculture-et-covid-19\/"},"author":{"name":"Duncan","@id":"https:\/\/diraj.org\/fr\/#\/schema\/person\/e76f67f2759b2adcb6a5902393211371"},"headline":"Comment le monde agricole burkinab\u00e8 se tourne vers l\u2019agro\u00e9cologie apr\u00e8s le Covid-19","datePublished":"2021-03-23T13:32:05+00:00","dateModified":"2021-03-23T13:34:19+00:00","mainEntityOfPage":{"@id":"https:\/\/diraj.org\/fr\/stories\/agriculture-et-covid-19\/"},"wordCount":1763,"publisher":{"@id":"https:\/\/diraj.org\/fr\/#organization"},"image":{"@id":"https:\/\/diraj.org\/fr\/stories\/agriculture-et-covid-19\/#primaryimage"},"thumbnailUrl":"https:\/\/diraj.org\/wp-content\/uploads\/French-WEB.jpg","articleSection":["Agriculture","Covid-19"],"inLanguage":"fr-FR"},{"@type":"WebPage","@id":"https:\/\/diraj.org\/fr\/stories\/agriculture-et-covid-19\/","url":"https:\/\/diraj.org\/fr\/stories\/agriculture-et-covid-19\/","name":"Comment le monde agricole burkinab\u00e8 se tourne vers l\u2019agro\u00e9cologie apr\u00e8s le Covid-19 - DIRAJ","isPartOf":{"@id":"https:\/\/diraj.org\/fr\/#website"},"primaryImageOfPage":{"@id":"https:\/\/diraj.org\/fr\/stories\/agriculture-et-covid-19\/#primaryimage"},"image":{"@id":"https:\/\/diraj.org\/fr\/stories\/agriculture-et-covid-19\/#primaryimage"},"thumbnailUrl":"https:\/\/diraj.org\/wp-content\/uploads\/French-WEB.jpg","datePublished":"2021-03-23T13:32:05+00:00","dateModified":"2021-03-23T13:34:19+00:00","description":"DIRAJ","breadcrumb":{"@id":"https:\/\/diraj.org\/fr\/stories\/agriculture-et-covid-19\/#breadcrumb"},"inLanguage":"fr-FR","potentialAction":[{"@type":"ReadAction","target":["https:\/\/diraj.org\/fr\/stories\/agriculture-et-covid-19\/"]}]},{"@type":"ImageObject","inLanguage":"fr-FR","@id":"https:\/\/diraj.org\/fr\/stories\/agriculture-et-covid-19\/#primaryimage","url":"https:\/\/diraj.org\/wp-content\/uploads\/French-WEB.jpg","contentUrl":"https:\/\/diraj.org\/wp-content\/uploads\/French-WEB.jpg","width":1200,"height":800},{"@type":"BreadcrumbList","@id":"https:\/\/diraj.org\/fr\/stories\/agriculture-et-covid-19\/#breadcrumb","itemListElement":[{"@type":"ListItem","position":1,"name":"Home","item":"https:\/\/diraj.org\/fr\/"},{"@type":"ListItem","position":2,"name":"Comment le monde agricole burkinab\u00e8 se tourne vers l\u2019agro\u00e9cologie apr\u00e8s le Covid-19"}]},{"@type":"WebSite","@id":"https:\/\/diraj.org\/fr\/#website","url":"https:\/\/diraj.org\/fr\/","name":"DIRAJ","description":"R\u00e9seau de journalistes pour la r\u00e9duction des risques de catastrophes","publisher":{"@id":"https:\/\/diraj.org\/fr\/#organization"},"potentialAction":[{"@type":"SearchAction","target":{"@type":"EntryPoint","urlTemplate":"https:\/\/diraj.org\/fr\/?s={search_term_string}"},"query-input":{"@type":"PropertyValueSpecification","valueRequired":true,"valueName":"search_term_string"}}],"inLanguage":"fr-FR"},{"@type":"Organization","@id":"https:\/\/diraj.org\/fr\/#organization","name":"DIRAJ","url":"https:\/\/diraj.org\/fr\/","logo":{"@type":"ImageObject","inLanguage":"fr-FR","@id":"https:\/\/diraj.org\/fr\/#\/schema\/logo\/image\/","url":"https:\/\/diraj.org\/wp-content\/uploads\/twitter-profile.png","contentUrl":"https:\/\/diraj.org\/wp-content\/uploads\/twitter-profile.png","width":400,"height":400,"caption":"DIRAJ"},"image":{"@id":"https:\/\/diraj.org\/fr\/#\/schema\/logo\/image\/"},"sameAs":["https:\/\/x.com\/dirajafrica"]},{"@type":"Person","@id":"https:\/\/diraj.org\/fr\/#\/schema\/person\/e76f67f2759b2adcb6a5902393211371","name":"Duncan","image":{"@type":"ImageObject","inLanguage":"fr-FR","@id":"https:\/\/secure.gravatar.com\/avatar\/13cf10c2e2bea8f88eb146cc67cfaaa4312179eebee5a274379f0062327b3e51?s=96&d=mm&r=g","url":"https:\/\/secure.gravatar.com\/avatar\/13cf10c2e2bea8f88eb146cc67cfaaa4312179eebee5a274379f0062327b3e51?s=96&d=mm&r=g","contentUrl":"https:\/\/secure.gravatar.com\/avatar\/13cf10c2e2bea8f88eb146cc67cfaaa4312179eebee5a274379f0062327b3e51?s=96&d=mm&r=g","caption":"Duncan"},"url":"https:\/\/diraj.org\/fr\/stories\/author\/duncan\/"}]}},"_links":{"self":[{"href":"https:\/\/diraj.org\/fr\/wp-json\/wp\/v2\/posts\/3345","targetHints":{"allow":["GET"]}}],"collection":[{"href":"https:\/\/diraj.org\/fr\/wp-json\/wp\/v2\/posts"}],"about":[{"href":"https:\/\/diraj.org\/fr\/wp-json\/wp\/v2\/types\/post"}],"author":[{"embeddable":true,"href":"https:\/\/diraj.org\/fr\/wp-json\/wp\/v2\/users\/3"}],"replies":[{"embeddable":true,"href":"https:\/\/diraj.org\/fr\/wp-json\/wp\/v2\/comments?post=3345"}],"version-history":[{"count":3,"href":"https:\/\/diraj.org\/fr\/wp-json\/wp\/v2\/posts\/3345\/revisions"}],"predecessor-version":[{"id":3357,"href":"https:\/\/diraj.org\/fr\/wp-json\/wp\/v2\/posts\/3345\/revisions\/3357"}],"wp:featuredmedia":[{"embeddable":true,"href":"https:\/\/diraj.org\/fr\/wp-json\/wp\/v2\/media\/3352"}],"wp:attachment":[{"href":"https:\/\/diraj.org\/fr\/wp-json\/wp\/v2\/media?parent=3345"}],"wp:term":[{"taxonomy":"category","embeddable":true,"href":"https:\/\/diraj.org\/fr\/wp-json\/wp\/v2\/categories?post=3345"},{"taxonomy":"post_tag","embeddable":true,"href":"https:\/\/diraj.org\/fr\/wp-json\/wp\/v2\/tags?post=3345"}],"curies":[{"name":"wp","href":"https:\/\/api.w.org\/{rel}","templated":true}]}}