{"id":2598,"date":"2020-06-04T06:58:00","date_gmt":"2020-06-04T06:58:00","guid":{"rendered":"https:\/\/diraj.org\/?p=2598"},"modified":"2020-09-21T07:02:55","modified_gmt":"2020-09-21T07:02:55","slug":"mangroves","status":"publish","type":"post","link":"https:\/\/diraj.org\/fr\/stories\/mangroves\/","title":{"rendered":"Les mangroves de la lagune c\u00f4ti\u00e8re sont-elles enfin sauv\u00e9es des coupes anarchiques?"},"content":{"rendered":"\n<p>Le gouvernement du B\u00e9nin a interdit toute exploitation des mangroves dans les zones c\u00f4ti\u00e8res. Cette d\u00e9cision prise depuis 2016, semble limiter la disparition de ces for\u00eats atypiques r\u00e9put\u00e9es pour leurs capacit\u00e9s de purifier l\u2019air, l\u2019eau et d\u2019\u00eatre un habitat pris\u00e9 par la biodiversit\u00e9. Sur le terrains la situation socio\u00e9conomique des communaut\u00e9s qui, jadis d\u00e9pendaient de cette ressource ne cesse de pr\u00e9occuper les organisations de la soci\u00e9t\u00e9 civile. Ils y portent quelques projet pour soulager tant soit peu les besoins des communaut\u00e9s dont la survie ne d\u00e9pendait&nbsp; que des mangroves.<\/p>\n\n\n\n<div style=\"height:50px\" aria-hidden=\"true\" class=\"wp-block-spacer\"><\/div>\n\n\n\n<figure class=\"wp-block-embed-youtube wp-block-embed is-type-video is-provider-youtube wp-embed-aspect-16-9 wp-has-aspect-ratio\"><div class=\"wp-block-embed__wrapper\">\n<div class=\"nm-wp-video-wrap nm-wp-video-wrap-youtube\"><iframe loading=\"lazy\" title=\"LES MANGROVES DE LA LAGUNE C\u00d4TI\u00c8RE SONT ELLES ENFIN SAUV\u00c9ES DES COUPES ANARCHIQUES!\" width=\"1220\" height=\"686\" src=\"https:\/\/www.youtube.com\/embed\/QX7BRZSR3ns?feature=oembed\" frameborder=\"0\" allow=\"accelerometer; autoplay; clipboard-write; encrypted-media; gyroscope; picture-in-picture\" allowfullscreen><\/iframe><\/div>\n<\/div><\/figure>\n","protected":false},"excerpt":{"rendered":"<p>Le gouvernement du B\u00e9nin a interdit toute exploitation des mangroves dans les zones c\u00f4ti\u00e8res. Cette d\u00e9cision prise depuis 2016, semble limiter la disparition de ces for\u00eats atypiques r\u00e9put\u00e9es pour leurs capacit\u00e9s de purifier l\u2019air, l\u2019eau et d\u2019\u00eatre un habitat pris\u00e9 par la biodiversit\u00e9. Sur le terrains la situation socio\u00e9conomique des communaut\u00e9s qui, jadis d\u00e9pendaient de &hellip;<\/p>\n","protected":false},"author":1,"featured_media":2602,"comment_status":"closed","ping_status":"closed","sticky":false,"template":"","format":"standard","meta":{"_acf_changed":false,"footnotes":""},"categories":[228],"tags":[],"class_list":["post-2598","post","type-post","status-publish","format-standard","has-post-thumbnail","hentry","category-la-deforestation","country-benin-fr","storytype-reportage"],"acf":[],"yoast_head":"<!-- This site is optimized with the Yoast SEO plugin v27.4 - https:\/\/yoast.com\/product\/yoast-seo-wordpress\/ -->\n<title>Les mangroves de la lagune c\u00f4ti\u00e8re sont-elles enfin sauv\u00e9es des coupes anarchiques? - DIRAJ<\/title>\n<meta name=\"description\" content=\"%\" \/>\n<meta name=\"robots\" content=\"index, follow, max-snippet:-1, max-image-preview:large, max-video-preview:-1\" \/>\n<link rel=\"canonical\" href=\"https:\/\/diraj.org\/fr\/stories\/mangroves\/\" \/>\n<meta property=\"og:locale\" content=\"fr_FR\" \/>\n<meta property=\"og:type\" content=\"article\" \/>\n<meta property=\"og:title\" content=\"Les mangroves de la lagune c\u00f4ti\u00e8re sont-elles enfin sauv\u00e9es des coupes anarchiques? - DIRAJ\" \/>\n<meta property=\"og:description\" content=\"%\" \/>\n<meta property=\"og:url\" content=\"https:\/\/diraj.org\/fr\/stories\/mangroves\/\" \/>\n<meta property=\"og:site_name\" content=\"DIRAJ\" \/>\n<meta property=\"article:published_time\" content=\"2020-06-04T06:58:00+00:00\" \/>\n<meta property=\"article:modified_time\" content=\"2020-09-21T07:02:55+00:00\" \/>\n<meta property=\"og:image\" content=\"https:\/\/diraj.org\/wp-content\/uploads\/thumb-2009-mangrove.jpg\" \/>\n\t<meta property=\"og:image:width\" content=\"1200\" \/>\n\t<meta property=\"og:image:height\" content=\"800\" \/>\n\t<meta property=\"og:image:type\" content=\"image\/jpeg\" \/>\n<meta name=\"author\" content=\"promich@gmail.com\" \/>\n<meta name=\"twitter:card\" content=\"summary_large_image\" \/>\n<meta name=\"twitter:creator\" content=\"@dirajafrica\" \/>\n<meta name=\"twitter:site\" content=\"@dirajafrica\" \/>\n<meta name=\"twitter:label1\" content=\"\u00c9crit par\" \/>\n\t<meta name=\"twitter:data1\" content=\"promich@gmail.com\" \/>\n\t<meta name=\"twitter:label2\" content=\"Dur\u00e9e de lecture estim\u00e9e\" \/>\n\t<meta name=\"twitter:data2\" content=\"1 minute\" \/>\n<script type=\"application\/ld+json\" class=\"yoast-schema-graph\">{\"@context\":\"https:\\\/\\\/schema.org\",\"@graph\":[{\"@type\":\"Article\",\"@id\":\"https:\\\/\\\/diraj.org\\\/fr\\\/stories\\\/mangroves\\\/#article\",\"isPartOf\":{\"@id\":\"https:\\\/\\\/diraj.org\\\/fr\\\/stories\\\/mangroves\\\/\"},\"author\":{\"name\":\"promich@gmail.com\",\"@id\":\"https:\\\/\\\/diraj.org\\\/fr\\\/#\\\/schema\\\/person\\\/9acbaab0cc5140bc76a3be225a7a719f\"},\"headline\":\"Les mangroves de la lagune c\u00f4ti\u00e8re sont-elles enfin sauv\u00e9es des coupes anarchiques?\",\"datePublished\":\"2020-06-04T06:58:00+00:00\",\"dateModified\":\"2020-09-21T07:02:55+00:00\",\"mainEntityOfPage\":{\"@id\":\"https:\\\/\\\/diraj.org\\\/fr\\\/stories\\\/mangroves\\\/\"},\"wordCount\":131,\"publisher\":{\"@id\":\"https:\\\/\\\/diraj.org\\\/fr\\\/#organization\"},\"image\":{\"@id\":\"https:\\\/\\\/diraj.org\\\/fr\\\/stories\\\/mangroves\\\/#primaryimage\"},\"thumbnailUrl\":\"https:\\\/\\\/diraj.org\\\/wp-content\\\/uploads\\\/thumb-2009-mangrove.jpg\",\"articleSection\":[\"la d\u00e9forestation\"],\"inLanguage\":\"fr-FR\"},{\"@type\":\"WebPage\",\"@id\":\"https:\\\/\\\/diraj.org\\\/fr\\\/stories\\\/mangroves\\\/\",\"url\":\"https:\\\/\\\/diraj.org\\\/fr\\\/stories\\\/mangroves\\\/\",\"name\":\"Les mangroves de la lagune c\u00f4ti\u00e8re sont-elles enfin sauv\u00e9es des coupes anarchiques? - DIRAJ\",\"isPartOf\":{\"@id\":\"https:\\\/\\\/diraj.org\\\/fr\\\/#website\"},\"primaryImageOfPage\":{\"@id\":\"https:\\\/\\\/diraj.org\\\/fr\\\/stories\\\/mangroves\\\/#primaryimage\"},\"image\":{\"@id\":\"https:\\\/\\\/diraj.org\\\/fr\\\/stories\\\/mangroves\\\/#primaryimage\"},\"thumbnailUrl\":\"https:\\\/\\\/diraj.org\\\/wp-content\\\/uploads\\\/thumb-2009-mangrove.jpg\",\"datePublished\":\"2020-06-04T06:58:00+00:00\",\"dateModified\":\"2020-09-21T07:02:55+00:00\",\"description\":\"%\",\"breadcrumb\":{\"@id\":\"https:\\\/\\\/diraj.org\\\/fr\\\/stories\\\/mangroves\\\/#breadcrumb\"},\"inLanguage\":\"fr-FR\",\"potentialAction\":[{\"@type\":\"ReadAction\",\"target\":[\"https:\\\/\\\/diraj.org\\\/fr\\\/stories\\\/mangroves\\\/\"]}]},{\"@type\":\"ImageObject\",\"inLanguage\":\"fr-FR\",\"@id\":\"https:\\\/\\\/diraj.org\\\/fr\\\/stories\\\/mangroves\\\/#primaryimage\",\"url\":\"https:\\\/\\\/diraj.org\\\/wp-content\\\/uploads\\\/thumb-2009-mangrove.jpg\",\"contentUrl\":\"https:\\\/\\\/diraj.org\\\/wp-content\\\/uploads\\\/thumb-2009-mangrove.jpg\",\"width\":1200,\"height\":800},{\"@type\":\"BreadcrumbList\",\"@id\":\"https:\\\/\\\/diraj.org\\\/fr\\\/stories\\\/mangroves\\\/#breadcrumb\",\"itemListElement\":[{\"@type\":\"ListItem\",\"position\":1,\"name\":\"Home\",\"item\":\"https:\\\/\\\/diraj.org\\\/fr\\\/\"},{\"@type\":\"ListItem\",\"position\":2,\"name\":\"Les mangroves de la lagune c\u00f4ti\u00e8re sont-elles enfin sauv\u00e9es des coupes anarchiques?\"}]},{\"@type\":\"WebSite\",\"@id\":\"https:\\\/\\\/diraj.org\\\/fr\\\/#website\",\"url\":\"https:\\\/\\\/diraj.org\\\/fr\\\/\",\"name\":\"DIRAJ\",\"description\":\"R\u00e9seau de journalistes pour la r\u00e9duction des risques de catastrophes\",\"publisher\":{\"@id\":\"https:\\\/\\\/diraj.org\\\/fr\\\/#organization\"},\"potentialAction\":[{\"@type\":\"SearchAction\",\"target\":{\"@type\":\"EntryPoint\",\"urlTemplate\":\"https:\\\/\\\/diraj.org\\\/fr\\\/?s={search_term_string}\"},\"query-input\":{\"@type\":\"PropertyValueSpecification\",\"valueRequired\":true,\"valueName\":\"search_term_string\"}}],\"inLanguage\":\"fr-FR\"},{\"@type\":\"Organization\",\"@id\":\"https:\\\/\\\/diraj.org\\\/fr\\\/#organization\",\"name\":\"DIRAJ\",\"url\":\"https:\\\/\\\/diraj.org\\\/fr\\\/\",\"logo\":{\"@type\":\"ImageObject\",\"inLanguage\":\"fr-FR\",\"@id\":\"https:\\\/\\\/diraj.org\\\/fr\\\/#\\\/schema\\\/logo\\\/image\\\/\",\"url\":\"https:\\\/\\\/diraj.org\\\/wp-content\\\/uploads\\\/twitter-profile.png\",\"contentUrl\":\"https:\\\/\\\/diraj.org\\\/wp-content\\\/uploads\\\/twitter-profile.png\",\"width\":400,\"height\":400,\"caption\":\"DIRAJ\"},\"image\":{\"@id\":\"https:\\\/\\\/diraj.org\\\/fr\\\/#\\\/schema\\\/logo\\\/image\\\/\"},\"sameAs\":[\"https:\\\/\\\/x.com\\\/dirajafrica\"]},{\"@type\":\"Person\",\"@id\":\"https:\\\/\\\/diraj.org\\\/fr\\\/#\\\/schema\\\/person\\\/9acbaab0cc5140bc76a3be225a7a719f\",\"name\":\"promich@gmail.com\",\"image\":{\"@type\":\"ImageObject\",\"inLanguage\":\"fr-FR\",\"@id\":\"https:\\\/\\\/secure.gravatar.com\\\/avatar\\\/d14d3a2bbeafc488700d49e4d03d4c997304f93c6cc962ab66975caa2a7fdfcc?s=96&d=mm&r=g\",\"url\":\"https:\\\/\\\/secure.gravatar.com\\\/avatar\\\/d14d3a2bbeafc488700d49e4d03d4c997304f93c6cc962ab66975caa2a7fdfcc?s=96&d=mm&r=g\",\"contentUrl\":\"https:\\\/\\\/secure.gravatar.com\\\/avatar\\\/d14d3a2bbeafc488700d49e4d03d4c997304f93c6cc962ab66975caa2a7fdfcc?s=96&d=mm&r=g\",\"caption\":\"promich@gmail.com\"},\"sameAs\":[\"http:\\\/\\\/diraj.org\"],\"url\":\"https:\\\/\\\/diraj.org\\\/fr\\\/stories\\\/author\\\/promichgmail-com\\\/\"}]}<\/script>\n<!-- \/ Yoast SEO plugin. -->","yoast_head_json":{"title":"Les mangroves de la lagune c\u00f4ti\u00e8re sont-elles enfin sauv\u00e9es des coupes anarchiques? - DIRAJ","description":"%","robots":{"index":"index","follow":"follow","max-snippet":"max-snippet:-1","max-image-preview":"max-image-preview:large","max-video-preview":"max-video-preview:-1"},"canonical":"https:\/\/diraj.org\/fr\/stories\/mangroves\/","og_locale":"fr_FR","og_type":"article","og_title":"Les mangroves de la lagune c\u00f4ti\u00e8re sont-elles enfin sauv\u00e9es des coupes anarchiques? - DIRAJ","og_description":"%","og_url":"https:\/\/diraj.org\/fr\/stories\/mangroves\/","og_site_name":"DIRAJ","article_published_time":"2020-06-04T06:58:00+00:00","article_modified_time":"2020-09-21T07:02:55+00:00","og_image":[{"width":1200,"height":800,"url":"https:\/\/diraj.org\/wp-content\/uploads\/thumb-2009-mangrove.jpg","type":"image\/jpeg"}],"author":"promich@gmail.com","twitter_card":"summary_large_image","twitter_creator":"@dirajafrica","twitter_site":"@dirajafrica","twitter_misc":{"\u00c9crit par":"promich@gmail.com","Dur\u00e9e de lecture estim\u00e9e":"1 minute"},"schema":{"@context":"https:\/\/schema.org","@graph":[{"@type":"Article","@id":"https:\/\/diraj.org\/fr\/stories\/mangroves\/#article","isPartOf":{"@id":"https:\/\/diraj.org\/fr\/stories\/mangroves\/"},"author":{"name":"promich@gmail.com","@id":"https:\/\/diraj.org\/fr\/#\/schema\/person\/9acbaab0cc5140bc76a3be225a7a719f"},"headline":"Les mangroves de la lagune c\u00f4ti\u00e8re sont-elles enfin sauv\u00e9es des coupes anarchiques?","datePublished":"2020-06-04T06:58:00+00:00","dateModified":"2020-09-21T07:02:55+00:00","mainEntityOfPage":{"@id":"https:\/\/diraj.org\/fr\/stories\/mangroves\/"},"wordCount":131,"publisher":{"@id":"https:\/\/diraj.org\/fr\/#organization"},"image":{"@id":"https:\/\/diraj.org\/fr\/stories\/mangroves\/#primaryimage"},"thumbnailUrl":"https:\/\/diraj.org\/wp-content\/uploads\/thumb-2009-mangrove.jpg","articleSection":["la d\u00e9forestation"],"inLanguage":"fr-FR"},{"@type":"WebPage","@id":"https:\/\/diraj.org\/fr\/stories\/mangroves\/","url":"https:\/\/diraj.org\/fr\/stories\/mangroves\/","name":"Les mangroves de la lagune c\u00f4ti\u00e8re sont-elles enfin sauv\u00e9es des coupes anarchiques? - DIRAJ","isPartOf":{"@id":"https:\/\/diraj.org\/fr\/#website"},"primaryImageOfPage":{"@id":"https:\/\/diraj.org\/fr\/stories\/mangroves\/#primaryimage"},"image":{"@id":"https:\/\/diraj.org\/fr\/stories\/mangroves\/#primaryimage"},"thumbnailUrl":"https:\/\/diraj.org\/wp-content\/uploads\/thumb-2009-mangrove.jpg","datePublished":"2020-06-04T06:58:00+00:00","dateModified":"2020-09-21T07:02:55+00:00","description":"%","breadcrumb":{"@id":"https:\/\/diraj.org\/fr\/stories\/mangroves\/#breadcrumb"},"inLanguage":"fr-FR","potentialAction":[{"@type":"ReadAction","target":["https:\/\/diraj.org\/fr\/stories\/mangroves\/"]}]},{"@type":"ImageObject","inLanguage":"fr-FR","@id":"https:\/\/diraj.org\/fr\/stories\/mangroves\/#primaryimage","url":"https:\/\/diraj.org\/wp-content\/uploads\/thumb-2009-mangrove.jpg","contentUrl":"https:\/\/diraj.org\/wp-content\/uploads\/thumb-2009-mangrove.jpg","width":1200,"height":800},{"@type":"BreadcrumbList","@id":"https:\/\/diraj.org\/fr\/stories\/mangroves\/#breadcrumb","itemListElement":[{"@type":"ListItem","position":1,"name":"Home","item":"https:\/\/diraj.org\/fr\/"},{"@type":"ListItem","position":2,"name":"Les mangroves de la lagune c\u00f4ti\u00e8re sont-elles enfin sauv\u00e9es des coupes anarchiques?"}]},{"@type":"WebSite","@id":"https:\/\/diraj.org\/fr\/#website","url":"https:\/\/diraj.org\/fr\/","name":"DIRAJ","description":"R\u00e9seau de journalistes pour la r\u00e9duction des risques de catastrophes","publisher":{"@id":"https:\/\/diraj.org\/fr\/#organization"},"potentialAction":[{"@type":"SearchAction","target":{"@type":"EntryPoint","urlTemplate":"https:\/\/diraj.org\/fr\/?s={search_term_string}"},"query-input":{"@type":"PropertyValueSpecification","valueRequired":true,"valueName":"search_term_string"}}],"inLanguage":"fr-FR"},{"@type":"Organization","@id":"https:\/\/diraj.org\/fr\/#organization","name":"DIRAJ","url":"https:\/\/diraj.org\/fr\/","logo":{"@type":"ImageObject","inLanguage":"fr-FR","@id":"https:\/\/diraj.org\/fr\/#\/schema\/logo\/image\/","url":"https:\/\/diraj.org\/wp-content\/uploads\/twitter-profile.png","contentUrl":"https:\/\/diraj.org\/wp-content\/uploads\/twitter-profile.png","width":400,"height":400,"caption":"DIRAJ"},"image":{"@id":"https:\/\/diraj.org\/fr\/#\/schema\/logo\/image\/"},"sameAs":["https:\/\/x.com\/dirajafrica"]},{"@type":"Person","@id":"https:\/\/diraj.org\/fr\/#\/schema\/person\/9acbaab0cc5140bc76a3be225a7a719f","name":"promich@gmail.com","image":{"@type":"ImageObject","inLanguage":"fr-FR","@id":"https:\/\/secure.gravatar.com\/avatar\/d14d3a2bbeafc488700d49e4d03d4c997304f93c6cc962ab66975caa2a7fdfcc?s=96&d=mm&r=g","url":"https:\/\/secure.gravatar.com\/avatar\/d14d3a2bbeafc488700d49e4d03d4c997304f93c6cc962ab66975caa2a7fdfcc?s=96&d=mm&r=g","contentUrl":"https:\/\/secure.gravatar.com\/avatar\/d14d3a2bbeafc488700d49e4d03d4c997304f93c6cc962ab66975caa2a7fdfcc?s=96&d=mm&r=g","caption":"promich@gmail.com"},"sameAs":["http:\/\/diraj.org"],"url":"https:\/\/diraj.org\/fr\/stories\/author\/promichgmail-com\/"}]}},"_links":{"self":[{"href":"https:\/\/diraj.org\/fr\/wp-json\/wp\/v2\/posts\/2598","targetHints":{"allow":["GET"]}}],"collection":[{"href":"https:\/\/diraj.org\/fr\/wp-json\/wp\/v2\/posts"}],"about":[{"href":"https:\/\/diraj.org\/fr\/wp-json\/wp\/v2\/types\/post"}],"author":[{"embeddable":true,"href":"https:\/\/diraj.org\/fr\/wp-json\/wp\/v2\/users\/1"}],"replies":[{"embeddable":true,"href":"https:\/\/diraj.org\/fr\/wp-json\/wp\/v2\/comments?post=2598"}],"version-history":[{"count":5,"href":"https:\/\/diraj.org\/fr\/wp-json\/wp\/v2\/posts\/2598\/revisions"}],"predecessor-version":[{"id":2606,"href":"https:\/\/diraj.org\/fr\/wp-json\/wp\/v2\/posts\/2598\/revisions\/2606"}],"wp:featuredmedia":[{"embeddable":true,"href":"https:\/\/diraj.org\/fr\/wp-json\/wp\/v2\/media\/2602"}],"wp:attachment":[{"href":"https:\/\/diraj.org\/fr\/wp-json\/wp\/v2\/media?parent=2598"}],"wp:term":[{"taxonomy":"category","embeddable":true,"href":"https:\/\/diraj.org\/fr\/wp-json\/wp\/v2\/categories?post=2598"},{"taxonomy":"post_tag","embeddable":true,"href":"https:\/\/diraj.org\/fr\/wp-json\/wp\/v2\/tags?post=2598"}],"curies":[{"name":"wp","href":"https:\/\/api.w.org\/{rel}","templated":true}]}}